{"id":1033,"date":"2019-01-09T14:29:25","date_gmt":"2019-01-09T14:29:25","guid":{"rendered":"http:\/\/lauftreffhagen-emst.de\/?p=1033"},"modified":"2019-01-09T14:29:25","modified_gmt":"2019-01-09T14:29:25","slug":"silvesterlauf-werl-soest-2018","status":"publish","type":"post","link":"https:\/\/lauftreffhagen-emst.de\/?p=1033","title":{"rendered":"Silvesterlauf Werl-Soest 2018"},"content":{"rendered":"<p><img loading=\"lazy\" decoding=\"async\" class=\"size-medium wp-image-1039 alignright\" src=\"https:\/\/lauftreffhagen-emst.de\/wp-content\/uploads\/2019\/01\/image3_k-300x169.jpeg\" alt=\"\" width=\"300\" height=\"169\" srcset=\"https:\/\/lauftreffhagen-emst.de\/wp-content\/uploads\/2019\/01\/image3_k-300x169.jpeg 300w, https:\/\/lauftreffhagen-emst.de\/wp-content\/uploads\/2019\/01\/image3_k-768x432.jpeg 768w, https:\/\/lauftreffhagen-emst.de\/wp-content\/uploads\/2019\/01\/image3_k-1024x576.jpeg 1024w, https:\/\/lauftreffhagen-emst.de\/wp-content\/uploads\/2019\/01\/image3_k-940x529.jpeg 940w, https:\/\/lauftreffhagen-emst.de\/wp-content\/uploads\/2019\/01\/image3_k.jpeg 1182w\" sizes=\"(max-width: 300px) 100vw, 300px\" \/>Auch in diesem Jahr fand die 37. Auflage des Silvesterlaufs von Werl nach Soest (15 km) nicht ohne Beteiligung des Emster Lauftreffs statt.<\/p>\n<p>Bei idealem Laufwetter gingen die 4224 Teilnehmer\/innen p\u00fcnktlich um 13:30 Uhr an den Start, um \u00fcber die gesperrte Bundesstra\u00dfe 1 von Werl nach Soest zu laufen. Von tausenden Zuschauern entlang der Laufstrecke wurde der lange Tross angefeuert, um dann in Soest \u00fcberw\u00e4ltigt empfangen zu werden. F\u00fcr jeden ein einmaliges G\u00e4nsehauterlebnis!<\/p>\n<figure id=\"attachment_1035\" aria-describedby=\"caption-attachment-1035\" style=\"width: 300px\" class=\"wp-caption alignright\"><img loading=\"lazy\" decoding=\"async\" class=\"size-medium wp-image-1035\" src=\"https:\/\/lauftreffhagen-emst.de\/wp-content\/uploads\/2019\/01\/image2-300x300.jpeg\" alt=\"\" width=\"300\" height=\"300\" srcset=\"https:\/\/lauftreffhagen-emst.de\/wp-content\/uploads\/2019\/01\/image2-300x300.jpeg 300w, https:\/\/lauftreffhagen-emst.de\/wp-content\/uploads\/2019\/01\/image2-150x150.jpeg 150w, https:\/\/lauftreffhagen-emst.de\/wp-content\/uploads\/2019\/01\/image2-768x768.jpeg 768w, https:\/\/lauftreffhagen-emst.de\/wp-content\/uploads\/2019\/01\/image2-1024x1024.jpeg 1024w, https:\/\/lauftreffhagen-emst.de\/wp-content\/uploads\/2019\/01\/image2-940x940.jpeg 940w, https:\/\/lauftreffhagen-emst.de\/wp-content\/uploads\/2019\/01\/image2.jpeg 1774w\" sizes=\"(max-width: 300px) 100vw, 300px\" \/><figcaption id=\"caption-attachment-1035\" class=\"wp-caption-text\">Nataliya und Thomas beim Silvesterlauf Werl-Soest<\/figcaption><\/figure>\n<p>Unsere Nataliya bew\u00e4ltigte die Strecke in 1:19:54, Heidi in 1:30:54 und Thomas in 1:32:51. F\u00fcr alle drei war es ein sch\u00f6ner und erfolgreicher Laufjahresabschluss.<\/p>\n<figure id=\"attachment_1037\" aria-describedby=\"caption-attachment-1037\" style=\"width: 169px\" class=\"wp-caption alignleft\"><img loading=\"lazy\" decoding=\"async\" class=\"size-medium wp-image-1037\" src=\"https:\/\/lauftreffhagen-emst.de\/wp-content\/uploads\/2019\/01\/HeidiSilvester20181231_2-169x300.jpg\" alt=\"\" width=\"169\" height=\"300\" srcset=\"https:\/\/lauftreffhagen-emst.de\/wp-content\/uploads\/2019\/01\/HeidiSilvester20181231_2-169x300.jpg 169w, https:\/\/lauftreffhagen-emst.de\/wp-content\/uploads\/2019\/01\/HeidiSilvester20181231_2-768x1365.jpg 768w, https:\/\/lauftreffhagen-emst.de\/wp-content\/uploads\/2019\/01\/HeidiSilvester20181231_2-576x1024.jpg 576w, https:\/\/lauftreffhagen-emst.de\/wp-content\/uploads\/2019\/01\/HeidiSilvester20181231_2-940x1671.jpg 940w\" sizes=\"(max-width: 169px) 100vw, 169px\" \/><figcaption id=\"caption-attachment-1037\" class=\"wp-caption-text\">Heidi beim Silvestrlauf Werl-Soest<\/figcaption><\/figure>\n","protected":false},"excerpt":{"rendered":"<p>Auch in diesem Jahr fand die 37. Auflage des Silvesterlaufs von Werl nach Soest (15 km) nicht ohne Beteiligung des Emster Lauftreffs statt. Bei idealem Laufwetter gingen die 4224 Teilnehmer\/innen p\u00fcnktlich um 13:30 Uhr an den Start, um \u00fcber die &#8230; <a class=\"more-link\" href=\"https:\/\/lauftreffhagen-emst.de\/?p=1033\">Read More &raquo;<\/a><\/p>\n","protected":false},"author":1,"featured_media":1035,"comment_status":"closed","ping_status":"open","sticky":false,"template":"","format":"standard","meta":{"footnotes":""},"categories":[22,18,4],"tags":[49,69],"_links":{"self":[{"href":"https:\/\/lauftreffhagen-emst.de\/index.php?rest_route=\/wp\/v2\/posts\/1033"}],"collection":[{"href":"https:\/\/lauftreffhagen-emst.de\/index.php?rest_route=\/wp\/v2\/posts"}],"about":[{"href":"https:\/\/lauftreffhagen-emst.de\/index.php?rest_route=\/wp\/v2\/types\/post"}],"author":[{"embeddable":true,"href":"https:\/\/lauftreffhagen-emst.de\/index.php?rest_route=\/wp\/v2\/users\/1"}],"replies":[{"embeddable":true,"href":"https:\/\/lauftreffhagen-emst.de\/index.php?rest_route=%2Fwp%2Fv2%2Fcomments&post=1033"}],"version-history":[{"count":2,"href":"https:\/\/lauftreffhagen-emst.de\/index.php?rest_route=\/wp\/v2\/posts\/1033\/revisions"}],"predecessor-version":[{"id":1040,"href":"https:\/\/lauftreffhagen-emst.de\/index.php?rest_route=\/wp\/v2\/posts\/1033\/revisions\/1040"}],"wp:featuredmedia":[{"embeddable":true,"href":"https:\/\/lauftreffhagen-emst.de\/index.php?rest_route=\/wp\/v2\/media\/1035"}],"wp:attachment":[{"href":"https:\/\/lauftreffhagen-emst.de\/index.php?rest_route=%2Fwp%2Fv2%2Fmedia&parent=1033"}],"wp:term":[{"taxonomy":"category","embeddable":true,"href":"https:\/\/lauftreffhagen-emst.de\/index.php?rest_route=%2Fwp%2Fv2%2Fcategories&post=1033"},{"taxonomy":"post_tag","embeddable":true,"href":"https:\/\/lauftreffhagen-emst.de\/index.php?rest_route=%2Fwp%2Fv2%2Ftags&post=1033"}],"curies":[{"name":"wp","href":"https:\/\/api.w.org\/{rel}","templated":true}]}}